{"id":1579,"date":"2025-06-09T12:45:53","date_gmt":"2025-06-09T10:45:53","guid":{"rendered":"https:\/\/tosieleczy.pl\/?p=1579"},"modified":"2025-06-24T09:03:06","modified_gmt":"2025-06-24T07:03:06","slug":"konferencja-prasowa-nowoczesna-diagnostyka-i-innowacyjne-terapie-w-raku-pluca-gdzie-jestesmy-i-dokad-zmierzamy-25-06-25","status":"publish","type":"post","link":"https:\/\/tosieleczy.pl\/index.php\/2025\/06\/09\/konferencja-prasowa-nowoczesna-diagnostyka-i-innowacyjne-terapie-w-raku-pluca-gdzie-jestesmy-i-dokad-zmierzamy-25-06-25\/","title":{"rendered":"Konferencja prasowa &#8222;Nowoczesna diagnostyka i innowacyjne terapie w raku p\u0142uca \u2013 gdzie jeste\u015bmy i dok\u0105d zmierzamy?&#8221; 25.06.25"},"content":{"rendered":"\n<p>W imieniu Fundacji&nbsp;<strong>TO SI\u0118 LECZY<\/strong> zapraszamy do udzia\u0142u w konferencji prasowej <strong>pt.<\/strong> <strong>\u201eNowoczesna diagnostyka i innowacyjne terapie w raku p\u0142uca \u2013 gdzie jeste\u015bmy i dok\u0105d zmierzamy?\u201d<\/strong>, kt\u00f3ra odb\u0119dzie si\u0119&nbsp;<strong>25 czerwca 2025 r. o godz. 10:30<\/strong>&nbsp;w&nbsp;<strong>Centrum WORKIN przy ul. Senatorskiej 2 w Warszawie<\/strong>.<\/p>\n\n\n\n<p>Wsp\u00f3lnie z zaproszonymi ekspertami chcemy om\u00f3wi\u0107 post\u0119p jaki nast\u0105pi\u0142 w diagnostyce i leczeniu raka p\u0142uca oraz wskaza\u0107 aktualne potrzeby w tym zakresie, jak r\u00f3wnie\u017c perspektywy na przysz\u0142o\u015b\u0107 z punktu widzenia sytuacji polskich pacjent\u00f3w.<\/p>\n\n\n\n<p>Wydarzenie b\u0119dzie tak\u017ce przestrzeni\u0105 do wymiany do\u015bwiadcze\u0144 pomi\u0119dzy przedstawicielami \u015brodowiska medycznego, administracji publicznej, instytucji odpowiedzialnych za system ochrony zdrowia, a tak\u017ce organizacji pacjenckich.<\/p>\n\n\n\n<p><strong>Uczestnicy:<\/strong><\/p>\n\n\n\n<ul class=\"wp-block-list\">\n<li><strong>Prof. dr hab. n. med. <\/strong><strong>Dariusz M. Kowalski,<\/strong> Sekretarz generalny Polskiej Grupy Raka P\u0142uca, Kierownik Oddzia\u0142u Zachowawczego Kliniki Nowotwor\u00f3w P\u0142uca i Klatki Piersiowej Narodowego Instytutu Onkologii \u2013 Pa\u0144stwowego Instytutu Badawczego im. Marii Sk\u0142odowskiej-Curie,<br><\/li>\n\n\n\n<li><strong>Prof. dr hab. n. med. Maciej Krzakowski<\/strong>, Konsultant Krajowy w dziedzinie Onkologii Klinicznej, Prezes Polskiego Towarzystwa Onkologii Klinicznej, Kierownik Kliniki Nowotwor\u00f3w P\u0142uca i Klatki Piersiowej Narodowego Instytutu Onkologii \u2013 Pa\u0144stwowego Instytutu Badawczego im. Marii Sk\u0142odowskiej-Curie,<br><\/li>\n\n\n\n<li><strong>Prof. dr hab. n. med. Ewa Kalinka <\/strong>\u2013 Kierownik Kliniki Onkologii, ICZMP w \u0141odzi.<\/li>\n<\/ul>\n\n\n\n<ul class=\"wp-block-list\">\n<li><strong>Dr n. med. Andrzej Tysarowski \u2013 <\/strong>Prezes Polskiej Koalicji Medycyny Personalizowanej, Kierownik<strong> <\/strong>Zak\u0142adu Diagnostyki Genetycznej i Molekularnej Nowotwor\u00f3w, Narodowego Instytutu Onkologii \u2013 Pa\u0144stwowego Instytutu Badawczego im. Marii Sk\u0142odowskiej-Curie,<\/li>\n<\/ul>\n\n\n\n<ul class=\"wp-block-list\">\n<li><strong>Mateusz Oczkowski,<\/strong> Zast\u0119pca Dyrektora, Departament Polityki Lekowej i Farmacji, Ministerstwo Zdrowia<\/li>\n<\/ul>\n\n\n\n<ul class=\"wp-block-list\">\n<li><strong>Aleksandra Wilk <\/strong>\u2013 Dyrektor Sekcji Raka P\u0142uca, Fundacja TO SI\u0118 LECZY.<\/li>\n<\/ul>\n\n\n\n<p>Moderator: Marek Kustosz, prezes Fundacji TO SI\u0118 LECZY<\/p>\n\n\n\n<p>Wydarzenie po\u015bwi\u0119cone b\u0119dzie najnowszym rozwi\u0105zaniom diagnostycznym, prze\u0142omowym terapiom oraz wyzwaniom organizacyjnym w leczeniu raka p\u0142uca \u2013 jednego z najcz\u0119stszych i najbardziej \u015bmiertelnych nowotwor\u00f3w w Polsce.<\/p>\n\n\n\n<p><strong>Potwierdzenie udzia\u0142u stacjonarnego nale\u017cy przes\u0142a\u0107 do 24 czerwca na adres: kontakt@tosieleczy.pl<\/strong><\/p>\n\n\n\n<p>Transmisja online na YouTube:<\/p>\n\n\n\n<figure class=\"wp-block-embed is-type-video is-provider-youtube wp-block-embed-youtube wp-embed-aspect-16-9 wp-has-aspect-ratio\"><div class=\"wp-block-embed__wrapper\">\n<iframe loading=\"lazy\" title=\"Nowoczesna diagnostyka i innowacyjne terapie w raku p\u0142uca \u2013 gdzie jeste\u015bmy i dok\u0105d zmierzamy?\" width=\"843\" height=\"474\" src=\"https:\/\/www.youtube.com\/embed\/5t2HuLYS0Hg?feature=oembed\" frameborder=\"0\" allow=\"accelerometer; autoplay; clipboard-write; encrypted-media; gyroscope; picture-in-picture; web-share\" referrerpolicy=\"strict-origin-when-cross-origin\" allowfullscreen><\/iframe>\n<\/div><\/figure>\n\n\n\n<p><br><\/p>\n","protected":false},"excerpt":{"rendered":"<p>W imieniu Fundacji&nbsp;TO SI\u0118 LECZY zapraszamy do udzia\u0142u w konferencji prasowej pt. \u201eNowoczesna diagnostyka i innowacyjne terapie w raku p\u0142uca \u2013 gdzie jeste\u015bmy i dok\u0105d&hellip;<\/p>\n","protected":false},"author":1,"featured_media":1593,"comment_status":"closed","ping_status":"open","sticky":false,"template":"","format":"standard","meta":{"footnotes":""},"categories":[1],"tags":[21,266,39,417,374,7,372,219,421,10,6],"class_list":["post-1579","post","type-post","status-publish","format-standard","has-post-thumbnail","hentry","category-bez-kategorii","tag-aleksandra-wilk","tag-andrzej-tysarowski","tag-dariusz-kowalski","tag-ewa-kalinka","tag-konfernecja","tag-lung-cancer","tag-maciej-krzakowski","tag-marek-kustosz","tag-mateusz-oczkowski","tag-pacjent","tag-rak-pluca"],"_links":{"self":[{"href":"https:\/\/tosieleczy.pl\/index.php\/wp-json\/wp\/v2\/posts\/1579","targetHints":{"allow":["GET"]}}],"collection":[{"href":"https:\/\/tosieleczy.pl\/index.php\/wp-json\/wp\/v2\/posts"}],"about":[{"href":"https:\/\/tosieleczy.pl\/index.php\/wp-json\/wp\/v2\/types\/post"}],"author":[{"embeddable":true,"href":"https:\/\/tosieleczy.pl\/index.php\/wp-json\/wp\/v2\/users\/1"}],"replies":[{"embeddable":true,"href":"https:\/\/tosieleczy.pl\/index.php\/wp-json\/wp\/v2\/comments?post=1579"}],"version-history":[{"count":5,"href":"https:\/\/tosieleczy.pl\/index.php\/wp-json\/wp\/v2\/posts\/1579\/revisions"}],"predecessor-version":[{"id":1591,"href":"https:\/\/tosieleczy.pl\/index.php\/wp-json\/wp\/v2\/posts\/1579\/revisions\/1591"}],"wp:featuredmedia":[{"embeddable":true,"href":"https:\/\/tosieleczy.pl\/index.php\/wp-json\/wp\/v2\/media\/1593"}],"wp:attachment":[{"href":"https:\/\/tosieleczy.pl\/index.php\/wp-json\/wp\/v2\/media?parent=1579"}],"wp:term":[{"taxonomy":"category","embeddable":true,"href":"https:\/\/tosieleczy.pl\/index.php\/wp-json\/wp\/v2\/categories?post=1579"},{"taxonomy":"post_tag","embeddable":true,"href":"https:\/\/tosieleczy.pl\/index.php\/wp-json\/wp\/v2\/tags?post=1579"}],"curies":[{"name":"wp","href":"https:\/\/api.w.org\/{rel}","templated":true}]}}