{"id":1474,"date":"2025-03-05T08:55:26","date_gmt":"2025-03-05T07:55:26","guid":{"rendered":"https:\/\/tosieleczy.pl\/?p=1474"},"modified":"2025-06-30T09:27:56","modified_gmt":"2025-06-30T07:27:56","slug":"zdrowy-styl-zycia-i-badania-profilaktyczne-jak-codzienne-wybory-moga-uratowac-twoje-zycie-webinar-17-03-2025","status":"publish","type":"post","link":"https:\/\/tosieleczy.pl\/index.php\/2025\/03\/05\/zdrowy-styl-zycia-i-badania-profilaktyczne-jak-codzienne-wybory-moga-uratowac-twoje-zycie-webinar-17-03-2025\/","title":{"rendered":"Zdrowy styl \u017cycia i badania profilaktyczne \u2013 jak codzienne wybory mog\u0105 uratowa\u0107 Twoje \u017cycie? (webinar 17.03.2025)"},"content":{"rendered":"\n<p><strong>Zapraszamy na webinar po\u015bwi\u0119cony zdrowemu stylowi \u017cycia i profilaktyce nowotwor\u00f3w pt. &#8222;<a href=\"https:\/\/www.facebook.com\/events\/1052406723363776\/?__cft__[0]=AZVt0NAkwxeFJ4OZEwsIMlJNDgHl9ooIeZQyXgEL5gwNUj0KMqX2QQZczeMJPHS3IwNvE1wbGmMMaM3gk1KY3bPYW-iD1Lo0WiGuUntcjyBIEte_YYTMc16Im48Y5F7t3jkn0u23-1yQSlZLeoVSPIF-LrXXlwM58GGbrP1v0sxRvNvXUem1_neLZ5ONwmbL_n4&amp;__tn__=-UK-R\">Zdrowy styl \u017cycia i badania profilaktyczne \u2013 jak codzienne wybory mog\u0105 uratowa\u0107 Twoje \u017cycie?<\/a>&#8222;, kt\u00f3ry odb\u0119dzie si\u0119 17 marca 2025 r. o godz. 17:00.<\/strong><\/p>\n\n\n\n<p><strong>Link do wydarzenia na Facebook: <a href=\"https:\/\/fb.me\/e\/2Qyy2ue0T\">https:\/\/fb.me\/e\/2Qyy2ue0T<\/a> <br>Link do transmisji na YouTube: <a href=\"https:\/\/www.youtube.com\/live\/Th5oOTKqS8E?si=TyYU8ZAeC5Ppm9Mf\">https:\/\/www.youtube.com\/live\/Th5oOTKqS8E?si=TyYU8ZAeC5Ppm9Mf<\/a> <\/strong><\/p>\n\n\n\n<p>Naszymi Go\u015b\u0107mi b\u0119d\u0105:<\/p>\n\n\n\n<p><img loading=\"lazy\" decoding=\"async\" height=\"16\" width=\"16\" src=\"https:\/\/static.xx.fbcdn.net\/images\/emoji.php\/v9\/ta9\/2\/16\/1f464.png\" alt=\"\ud83d\udc64\"> <strong>mgr Beata Janik<\/strong> &#8211; p.o. Kierownika Zak\u0142adu Profilaktyki Nowotwor\u00f3w w Narodowym Instytucie Onkologii &#8211; <a href=\"https:\/\/www.facebook.com\/NIOPIB?__cft__[0]=AZVt0NAkwxeFJ4OZEwsIMlJNDgHl9ooIeZQyXgEL5gwNUj0KMqX2QQZczeMJPHS3IwNvE1wbGmMMaM3gk1KY3bPYW-iD1Lo0WiGuUntcjyBIEte_YYTMc16Im48Y5F7t3jkn0u23-1yQSlZLeoVSPIF-LrXXlwM58GGbrP1v0sxRvNvXUem1_neLZ5ONwmbL_n4&amp;__tn__=-]K-R\">Narodowy Instytut Onkologii im.Marii Sk\u0142odowskiej-Curie &#8211; PIB<\/a><\/p>\n\n\n\n<p><img loading=\"lazy\" decoding=\"async\" height=\"16\" width=\"16\" src=\"https:\/\/static.xx.fbcdn.net\/images\/emoji.php\/v9\/ta9\/2\/16\/1f464.png\" alt=\"\ud83d\udc64\"> <strong>prof. Pawe\u0142 Koczkodaj<\/strong> &#8211; Zak\u0142ad Epidemiologii i Prewencji Pierwotnej Nowotwor\u00f3w w Narodowym Instytucie Onkologii &#8211; <a href=\"https:\/\/www.facebook.com\/NIOPIB?__cft__[0]=AZVt0NAkwxeFJ4OZEwsIMlJNDgHl9ooIeZQyXgEL5gwNUj0KMqX2QQZczeMJPHS3IwNvE1wbGmMMaM3gk1KY3bPYW-iD1Lo0WiGuUntcjyBIEte_YYTMc16Im48Y5F7t3jkn0u23-1yQSlZLeoVSPIF-LrXXlwM58GGbrP1v0sxRvNvXUem1_neLZ5ONwmbL_n4&amp;__tn__=-]K-R\">Narodowy Instytut Onkologii im.Marii Sk\u0142odowskiej-Curie &#8211; PIB<\/a><\/p>\n\n\n\n<p>Podczas webinaru dowiesz si\u0119:<\/p>\n\n\n\n<p><img loading=\"lazy\" decoding=\"async\" height=\"16\" width=\"16\" alt=\"\u27a1\ufe0f\" src=\"https:\/\/static.xx.fbcdn.net\/images\/emoji.php\/v9\/t1f\/2\/16\/27a1.png\"> Dlaczego zdrowy styl \u017cycia to podstawa profilaktyki nowotworowej<\/p>\n\n\n\n<p><img loading=\"lazy\" decoding=\"async\" height=\"16\" width=\"16\" alt=\"\u27a1\ufe0f\" src=\"https:\/\/static.xx.fbcdn.net\/images\/emoji.php\/v9\/t1f\/2\/16\/27a1.png\"> Dlaczego warto si\u0119 bada\u0107 profilaktycznie? Om\u00f3wienie znaczenia wczesnego wykrywania chor\u00f3b nowotworowych.<\/p>\n\n\n\n<p><img loading=\"lazy\" decoding=\"async\" height=\"16\" width=\"16\" alt=\"\u27a1\ufe0f\" src=\"https:\/\/static.xx.fbcdn.net\/images\/emoji.php\/v9\/t1f\/2\/16\/27a1.png\"> Rodzaje bada\u0144 profilaktycznych:<\/p>\n\n\n\n<p><img loading=\"lazy\" decoding=\"async\" height=\"16\" width=\"16\" alt=\"\u27a1\ufe0f\" src=\"https:\/\/static.xx.fbcdn.net\/images\/emoji.php\/v9\/t1f\/2\/16\/27a1.png\"> Czynniki ryzyka i ich modyfikacja, m.in.<\/p>\n\n\n\n<p>&#8211; Czynniki genetyczne a styl \u017cycia \u2013 co mo\u017cemy kontrolowa\u0107?<\/p>\n\n\n\n<p>&#8211; Znaczenie edukacji zdrowotnej i \u015bwiadomo\u015bci spo\u0142ecznej.<\/p>\n\n\n\n<p>&#8211; Om\u00f3wienie grup podwy\u017cszonego ryzyka \u2013 na co zwr\u00f3ci\u0107 uwag\u0119?<\/p>\n\n\n\n<p><img loading=\"lazy\" decoding=\"async\" height=\"16\" width=\"16\" alt=\"\u27a1\ufe0f\" src=\"https:\/\/static.xx.fbcdn.net\/images\/emoji.php\/v9\/t1f\/2\/16\/27a1.png\"> Mitologia nowotworowa \u2013 fakty i mity, m.in.<\/p>\n\n\n\n<p>&#8211; Czy nowotwory s\u0105 zawsze dziedziczne?<\/p>\n\n\n\n<p>&#8211; Czy leczenie konwencjonalne jest jedyn\u0105 skuteczn\u0105 metod\u0105?<\/p>\n\n\n\n<p><img loading=\"lazy\" decoding=\"async\" height=\"16\" width=\"16\" alt=\"\u27a1\ufe0f\" src=\"https:\/\/static.xx.fbcdn.net\/images\/emoji.php\/v9\/t1f\/2\/16\/27a1.png\"> Motywacja do dzia\u0142ania \u2013 jak wprowadzi\u0107 zmiany w \u017cycie?<\/p>\n\n\n\n<p><img loading=\"lazy\" decoding=\"async\" height=\"16\" width=\"16\" alt=\"\u27a1\ufe0f\" src=\"https:\/\/static.xx.fbcdn.net\/images\/emoji.php\/v9\/t1f\/2\/16\/27a1.png\"> Sesja pyta\u0144 i odpowiedzi<\/p>\n\n\n\n<p><a href=\"https:\/\/www.facebook.com\/hashtag\/raktosi%C4%99leczy?__eep__=6&amp;__cft__[0]=AZVt0NAkwxeFJ4OZEwsIMlJNDgHl9ooIeZQyXgEL5gwNUj0KMqX2QQZczeMJPHS3IwNvE1wbGmMMaM3gk1KY3bPYW-iD1Lo0WiGuUntcjyBIEte_YYTMc16Im48Y5F7t3jkn0u23-1yQSlZLeoVSPIF-LrXXlwM58GGbrP1v0sxRvNvXUem1_neLZ5ONwmbL_n4&amp;__tn__=*NK-R\">#raktosi\u0119leczy<\/a><a href=\"https:\/\/www.facebook.com\/hashtag\/profilaktyka?__eep__=6&amp;__cft__[0]=AZVt0NAkwxeFJ4OZEwsIMlJNDgHl9ooIeZQyXgEL5gwNUj0KMqX2QQZczeMJPHS3IwNvE1wbGmMMaM3gk1KY3bPYW-iD1Lo0WiGuUntcjyBIEte_YYTMc16Im48Y5F7t3jkn0u23-1yQSlZLeoVSPIF-LrXXlwM58GGbrP1v0sxRvNvXUem1_neLZ5ONwmbL_n4&amp;__tn__=*NK-R\">#profilaktyka<\/a><a href=\"https:\/\/www.facebook.com\/hashtag\/tosi%C4%99leczy?__eep__=6&amp;__cft__[0]=AZVt0NAkwxeFJ4OZEwsIMlJNDgHl9ooIeZQyXgEL5gwNUj0KMqX2QQZczeMJPHS3IwNvE1wbGmMMaM3gk1KY3bPYW-iD1Lo0WiGuUntcjyBIEte_YYTMc16Im48Y5F7t3jkn0u23-1yQSlZLeoVSPIF-LrXXlwM58GGbrP1v0sxRvNvXUem1_neLZ5ONwmbL_n4&amp;__tn__=*NK-R\">#tosi\u0119leczy<\/a><\/p>\n","protected":false},"excerpt":{"rendered":"<p>Zapraszamy na webinar po\u015bwi\u0119cony zdrowemu stylowi \u017cycia i profilaktyce nowotwor\u00f3w pt. &#8222;Zdrowy styl \u017cycia i badania profilaktyczne \u2013 jak codzienne wybory mog\u0105 uratowa\u0107 Twoje \u017cycie?&#8222;,&hellip;<\/p>\n","protected":false},"author":1,"featured_media":1601,"comment_status":"closed","ping_status":"open","sticky":false,"template":"","format":"standard","meta":{"footnotes":""},"categories":[1],"tags":[21,388,16,11,387,97,96,8,9],"class_list":["post-1474","post","type-post","status-publish","format-standard","has-post-thumbnail","hentry","category-bez-kategorii","tag-aleksandra-wilk","tag-beata-janik","tag-edukacja","tag-onkologia","tag-pawel-koczodaj","tag-profilaktyka","tag-rak-to-sie-leczy","tag-to-sie-leczy","tag-webinar"],"_links":{"self":[{"href":"https:\/\/tosieleczy.pl\/index.php\/wp-json\/wp\/v2\/posts\/1474","targetHints":{"allow":["GET"]}}],"collection":[{"href":"https:\/\/tosieleczy.pl\/index.php\/wp-json\/wp\/v2\/posts"}],"about":[{"href":"https:\/\/tosieleczy.pl\/index.php\/wp-json\/wp\/v2\/types\/post"}],"author":[{"embeddable":true,"href":"https:\/\/tosieleczy.pl\/index.php\/wp-json\/wp\/v2\/users\/1"}],"replies":[{"embeddable":true,"href":"https:\/\/tosieleczy.pl\/index.php\/wp-json\/wp\/v2\/comments?post=1474"}],"version-history":[{"count":1,"href":"https:\/\/tosieleczy.pl\/index.php\/wp-json\/wp\/v2\/posts\/1474\/revisions"}],"predecessor-version":[{"id":1476,"href":"https:\/\/tosieleczy.pl\/index.php\/wp-json\/wp\/v2\/posts\/1474\/revisions\/1476"}],"wp:featuredmedia":[{"embeddable":true,"href":"https:\/\/tosieleczy.pl\/index.php\/wp-json\/wp\/v2\/media\/1601"}],"wp:attachment":[{"href":"https:\/\/tosieleczy.pl\/index.php\/wp-json\/wp\/v2\/media?parent=1474"}],"wp:term":[{"taxonomy":"category","embeddable":true,"href":"https:\/\/tosieleczy.pl\/index.php\/wp-json\/wp\/v2\/categories?post=1474"},{"taxonomy":"post_tag","embeddable":true,"href":"https:\/\/tosieleczy.pl\/index.php\/wp-json\/wp\/v2\/tags?post=1474"}],"curies":[{"name":"wp","href":"https:\/\/api.w.org\/{rel}","templated":true}]}}