{"id":1416,"date":"2024-12-19T12:33:49","date_gmt":"2024-12-19T11:33:49","guid":{"rendered":"https:\/\/tosieleczy.pl\/?p=1416"},"modified":"2025-01-02T12:34:33","modified_gmt":"2025-01-02T11:34:33","slug":"dbam-o-pluca-kampania-edukacyjno-swiadomosciowa","status":"publish","type":"post","link":"https:\/\/tosieleczy.pl\/index.php\/2024\/12\/19\/dbam-o-pluca-kampania-edukacyjno-swiadomosciowa\/","title":{"rendered":"Dbam o p\u0142uca &#8211; kampania edukacyjno-\u015bwiadomo\u015bciowa"},"content":{"rendered":"\n<p><strong>Sekcja Raka P\u0142uca Fundacji TO SI\u0118 LECZY realizuje akcj\u0119 \u015bwiadomo\u015bciowo-edukacyjn\u0105 DBAM O P\u0141UCA, kt\u00f3ra ma na celu zwi\u0119kszenie \u015bwiadomo\u015bci spo\u0142ecznej na temat profilaktyki i wczesnego wykrywania raka p\u0142uca, co mo\u017ce pom\u00f3c uratowa\u0107 wiele istnie\u0144.<\/strong><\/p>\n\n\n\n<figure class=\"wp-block-image size-large is-resized\"><img loading=\"lazy\" decoding=\"async\" width=\"724\" height=\"1024\" src=\"https:\/\/tosieleczy.pl\/wp-content\/uploads\/2025\/01\/1-724x1024.png\" alt=\"\" class=\"wp-image-1418\" style=\"width:637px;height:auto\" srcset=\"https:\/\/tosieleczy.pl\/wp-content\/uploads\/2025\/01\/1-724x1024.png 724w, https:\/\/tosieleczy.pl\/wp-content\/uploads\/2025\/01\/1-212x300.png 212w, https:\/\/tosieleczy.pl\/wp-content\/uploads\/2025\/01\/1-768x1086.png 768w, https:\/\/tosieleczy.pl\/wp-content\/uploads\/2025\/01\/1-1086x1536.png 1086w, https:\/\/tosieleczy.pl\/wp-content\/uploads\/2025\/01\/1.png 1414w\" sizes=\"auto, (max-width: 724px) 100vw, 724px\" \/><\/figure>\n\n\n\n<figure class=\"wp-block-image size-large is-resized\"><img loading=\"lazy\" decoding=\"async\" width=\"724\" height=\"1024\" src=\"https:\/\/tosieleczy.pl\/wp-content\/uploads\/2025\/01\/2-724x1024.png\" alt=\"\" class=\"wp-image-1419\" style=\"width:638px;height:auto\" srcset=\"https:\/\/tosieleczy.pl\/wp-content\/uploads\/2025\/01\/2-724x1024.png 724w, https:\/\/tosieleczy.pl\/wp-content\/uploads\/2025\/01\/2-212x300.png 212w, https:\/\/tosieleczy.pl\/wp-content\/uploads\/2025\/01\/2-768x1086.png 768w, https:\/\/tosieleczy.pl\/wp-content\/uploads\/2025\/01\/2-1086x1536.png 1086w, https:\/\/tosieleczy.pl\/wp-content\/uploads\/2025\/01\/2.png 1414w\" sizes=\"auto, (max-width: 724px) 100vw, 724px\" \/><\/figure>\n\n\n\n<p><strong>Rak p\u0142uca \u2013 rosn\u0105ce wyzwanie zdrowotne<\/strong><\/p>\n\n\n\n<p><strong>Wzrost liczby zachorowa\u0144 na raka p\u0142uca jest szczeg\u00f3lnie widoczny w\u015br\u00f3d kobiet.<\/strong> Ten systematyczny trend jest alarmuj\u0105cy. Obecnie oko\u0142o 28% doros\u0142ych kobiet w Polsce pali tyto\u0144 \u2013 to jeden z najwy\u017cszych wska\u017anik\u00f3w w Europie. Tymczasem a\u017c 90% nowotwor\u00f3w p\u0142uca jest bezpo\u015brednio zwi\u0105zanych z paleniem papieros\u00f3w. W 2022 roku liczba nowych przypadk\u00f3w nowotworu p\u0142uca i oskrzeli (C.34) wynios\u0142a 20 726, w tym 12 278 w\u015br\u00f3d m\u0119\u017cczyzn i 8 448 w\u015br\u00f3d kobiet. Z jego powodu zmar\u0142o \u0142\u0105cznie 20 956 os\u00f3b<a href=\"#_ftn1\" id=\"_ftnref1\">[1]<\/a>. Niepokoj\u0105cy jest dodatkowo fakt, \u017ce w wi\u0119kszo\u015bci przypadk\u00f3w nowotw\u00f3r ten diagnozuje si\u0119 w zaawansowanych stadiach, co prowadzi do wysokiej \u015bmiertelno\u015bci. Pi\u0119cioletnie prze\u017cycie w Polsce wynosi zaledwie 10\u201315% i jest ni\u017csze od \u015bredniej europejskiej.<\/p>\n\n\n\n<p><strong>Kobiety w grupie szczeg\u00f3lnego ryzyka<\/strong><\/p>\n\n\n\n<p>Nowotw\u00f3r p\u0142uca staje si\u0119 coraz wi\u0119kszym zagro\u017ceniem dla kobiet w Polsce. W ci\u0105gu ostatnich lat liczba zachorowa\u0144 w\u015br\u00f3d kobiet wzros\u0142a niemal dwukrotnie, co czyni go najcz\u0119stsz\u0105 przyczyn\u0105 zgon\u00f3w nowotworowych w tej grupie. Cz\u0119sto\u015b\u0107 palenia tytoniu w\u015br\u00f3d kobiet, a tak\u017ce czynniki \u015brodowiskowe i genetyczne, przyczyniaj\u0105 si\u0119 do dramatycznego wzrostu zachorowalno\u015bci. Dane s\u0105 nieub\u0142agane, <strong>od 2000 roku liczba nowo rozpoznanych przypadk\u00f3w raka p\u0142uca u m\u0119\u017cczyzn zmala\u0142a o 22%, tymczasem u kobiet wzros\u0142a a\u017c o 95%. <\/strong>Od ponad dekady w Polsce umieralno\u015b\u0107 kobiet z powodu nowotwor\u00f3w z\u0142o\u015bliwych p\u0142uca jest wy\u017csza ni\u017c z powodu nowotwor\u00f3w piersi, podczas gdy w\u015br\u00f3d zachorowa\u0144 udzia\u0142 nowotwor\u00f3w piersi&nbsp;jest ponad dwukrotnie wy\u017cszy ni\u017c nowotwor\u00f3w p\u0142uca. Tymczasem \u015bwiadomo\u015b\u0107 ryzyka rozwoju raka p\u0142uca i konieczno\u015bci bada\u0144 profilaktycznych os\u00f3b z grup ryzyka jest nadal niewystarczaj\u0105ca.<\/p>\n\n\n\n<p><strong>Profilaktyka i wczesne wykrywanie kluczem do zmiany<\/strong><\/p>\n\n\n\n<p>Mamy bardzo konkretne narz\u0119dzia, kt\u00f3re, je\u015bli tylko z nich skorzystamy, mog\u0105 nas uchroni\u0107 przed rakiem p\u0142uca lub umo\u017cliwi\u0107 wczesne wykrycie ognisk nowotworowych i skuteczne leczenie. S\u0105 to:<\/p>\n\n\n\n<ul class=\"wp-block-list\">\n<li><strong>Zapobieganie rozpoczynaniu paleniu tytoniu<\/strong> \u2013 edukacja na temat negatywnego wp\u0142ywu palenia na zdrowie <strong>oraz zach\u0119canie do rezygnacji z na\u0142ogu<\/strong>. Trzeba przy tym zdawa\u0107 sobie spraw\u0119, \u017ce palenie papieros\u00f3w to uzale\u017cnienie, kt\u00f3re, aby z niego wyj\u015b\u0107 wymaga bardzo silnej woli lub profesjonalnego wsparcia. Pierwszym krokiem mo\u017ce by\u0107 kontakt z terapeut\u0105 bezp\u0142atnej Telefonicznej Poradni Pomocy Pal\u0105cym prowadzonej przez Narodowy Instytut Onkologii (tel. 801 108\u00a0108).<\/li>\n<\/ul>\n\n\n\n<ul class=\"wp-block-list\">\n<li><strong>Program Wczesnego Wykrywania Raka P\u0142uca &#8211; badania przesiewowe z u\u017cyciem<\/strong> <strong>niskodawkowej tomografii komputerowej<\/strong> (NDTK) w\u015br\u00f3d os\u00f3b z grup ryzyka tzn. na\u0142ogowych palaczy, w tym os\u00f3b z dodatkowymi czynnikami jak: ekspozycja zawodowa na krzemionk\u0119, beryl, nikiel, chrom, kadm, azbest, zwi\u0105zki arsenu, spaliny silnik\u00f3w diesla, dym ze spalania w\u0119gla kamiennego, ekspozycja na radon; historia zachorowania na raka p\u0142uca, w wywiadzie ch\u0142oniak, rak g\u0142owy i szyi lub raki zale\u017cne od palenia tytoniu, np. rak p\u0119cherza moczowego; rak p\u0142uca w wywiadzie u krewnych I stopnia; lub historia chor\u00f3b p\u0142uc: przewlek\u0142a obturacyjna choroba p\u0142uc &#8211; POChP lub w\u0142\u00f3knienie p\u0142uc IPF.<\/li>\n<\/ul>\n\n\n\n<p><strong>Badania potwierdzaj\u0105, \u017ce regularne stosowanie NDTK w grupach ryzyka mo\u017ce zmniejszy\u0107 \u015bmiertelno\u015b\u0107 z powodu raka p\u0142uca nawet o 20%.<\/strong> Niestety, \u015bwiadomo\u015b\u0107 tej metody profilaktyki w Polsce jest wci\u0105\u017c niewielka. W ostatnich latach realizowany by\u0142 pilota\u017c programu Wczesnego Wykrywania Raka P\u0142uca, w ramach kt\u00f3rego w ka\u017cdym wojew\u00f3dztwie mo\u017cna by\u0142o wykona\u0107 takie badania. Resort zdrowia, zapowiada, \u017ce pilota\u017c ten zostanie przed\u0142u\u017cony od stycznia 2025 r., a docelowo trafi do koszyka \u015bwiadcze\u0144 finansowanego przez NFZ, na takich samych zasadach jak inne programy skriningowe (mammografia, cytologia, kolonoskopia), co zapewni ich szerok\u0105 dost\u0119pno\u015b\u0107 dla pacjent\u00f3w. Warto zapyta\u0107 w plac\u00f3wce medycznej czy takie badania s\u0105 dost\u0119pne. Dodatkowo, w ramach unijnego projektu SOLACE pod koniec wrze\u015bnia w tras\u0119 po Polsce ruszy\u0142o pierwsze w Polsce Mobilne Centrum Tomografii Komputerowej, kt\u00f3re dociera do mniejszych miast, miasteczek i wsi, maj\u0105c na celu wyr\u00f3wnanie nier\u00f3wno\u015bci w dost\u0119pie do bada\u0144 profilaktycznych. W pierwszej kolejno\u015bci z takich bada\u0144 mogli skorzysta\u0107 pacjenci z woj. lubelskiego<a href=\"#_ftn2\" id=\"_ftnref2\">[2]<\/a>.<\/p>\n\n\n\n<p><strong>\u201eDbam o p\u0142uca\u201d \u2013 apel do spo\u0142ecze\u0144stwa<\/strong><\/p>\n\n\n\n<p>Okres \u015bwi\u0105teczno-noworoczny sprzyja postanowieniom, warto w tym czasie pomy\u015ble\u0107 zatem o zdrowiu swoim oraz bliskich i zmotywowa\u0107 si\u0119 wzajemnie do:<\/p>\n\n\n\n<ul class=\"wp-block-list\">\n<li><strong>Rezygnacji z palenia<\/strong> \u2013 ka\u017cdy dzie\u0144 bez papierosa to krok w stron\u0119 zdrowia i minimalizacja ryzyka wielu chor\u00f3b odtytoniowych, takich jak rak p\u0142uca, rak krtani, rak p\u0119cherza moczowego, rak jelita grubego i inne, chor\u00f3b sercowo-naczyniowych (zawa\u0142, udar) i uk\u0142adu oddechowego (POChP).<\/li>\n\n\n\n<li><strong>Regularnych bada\u0144<\/strong> \u2013 osoby z grup ryzyka powinny zg\u0142asza\u0107 si\u0119 na badania przesiewowe, kt\u00f3re mog\u0105 uratowa\u0107 \u017cycie.<\/li>\n\n\n\n<li><strong>Czujno\u015bci dot. objaw\u00f3w<\/strong> \u2013 przewlek\u0142y kaszel, duszno\u015b\u0107, nawracaj\u0105ce infekcje dr\u00f3g oddechowych czy b\u00f3l w klatce piersiowej lub ko\u015bci (bark, biodro, kr\u0119gos\u0142up) to sygna\u0142y, kt\u00f3re wymagaj\u0105 konsultacji z lekarzem i dalszej diagnostyki.<\/li>\n<\/ul>\n\n\n\n<p><strong><em>&#8211; <\/em><\/strong><em>Czas dzia\u0142a\u0107, by odwr\u00f3ci\u0107 niekorzystne statystyki zachorowa\u0144 i zgon\u00f3w z powodu raka p\u0142uca w Polsce. Ka\u017cdy z nas mo\u017ce przyczyni\u0107 si\u0119 do zmiany, podejmuj\u0105c \u015bwiadome decyzje zdrowotne i zach\u0119caj\u0105c bliskich do profilaktyki. Nasza czujno\u015b\u0107 onkologiczna jak i lekarzy, szybkie pokierowanie na badania podstawowe i w przypadku potwierdzenia podejrzenia \u2013 pog\u0142\u0119bione (w tym obrazowe, biopsj\u0119, badania histopatologiczne oraz marker\u00f3w predykcyjnych: badania molekularne i ekspresji bia\u0142ka PDL-1) to klucz do prawid\u0142owej diagnozy i sukcesu w terapii.<\/em>&nbsp; \u2013 podkre\u015bla <strong>Aleksandra Wilk<\/strong>, dyrektor Sekcji Raka P\u0142uca Fundacji TO SI\u0118 LECZY.<\/p>\n\n\n\n<p><strong>\u015aled\u017a kampani\u0119 na:<\/strong> <a href=\"https:\/\/www.facebook.com\/RakPlucaWiedzaWsparcie\">https:\/\/www.facebook.com\/RakPlucaWiedzaWsparcie<\/a><\/p>\n\n\n\n<p><strong>Je\u015bli podejrzewasz raka p\u0142uca albo jeste\u015b w trakcie diagnostyki zobacz nasz poradnik Pacjenta: <\/strong><br><a href=\"https:\/\/tosieleczy.pl\/index.php\/2024\/12\/12\/od-podejrzenia-do-leczenia-sciezka-pacjenta-z-rakiem-pluca-poradnik-pacjenta-2024\/\">https:\/\/tosieleczy.pl\/index.php\/2024\/12\/12\/od-podejrzenia-do-leczenia-sciezka-pacjenta-z-rakiem-pluca-poradnik-pacjenta-2024\/<\/a><\/p>\n\n\n\n<hr class=\"wp-block-separator has-alpha-channel-opacity\"\/>\n\n\n\n<p><a href=\"#_ftnref1\" id=\"_ftn1\">[1]<\/a> <a href=\"https:\/\/onkologia.org.pl\/pl\/raporty\">https:\/\/onkologia.org.pl\/pl\/raporty<\/a><\/p>\n\n\n\n<p><a href=\"#_ftnref2\" id=\"_ftn2\">[2]<\/a> <a href=\"https:\/\/www.igichp.edu.pl\/o-instytucie\/projekty-ue\/solace\/\">https:\/\/www.igichp.edu.pl\/o-instytucie\/projekty-ue\/solace\/<\/a><\/p>\n","protected":false},"excerpt":{"rendered":"<p>Sekcja Raka P\u0142uca Fundacji TO SI\u0118 LECZY realizuje akcj\u0119 \u015bwiadomo\u015bciowo-edukacyjn\u0105 DBAM O P\u0141UCA, kt\u00f3ra ma na celu zwi\u0119kszenie \u015bwiadomo\u015bci spo\u0142ecznej na temat profilaktyki i wczesnego&hellip;<\/p>\n","protected":false},"author":1,"featured_media":1417,"comment_status":"closed","ping_status":"open","sticky":false,"template":"","format":"standard","meta":{"footnotes":""},"categories":[1],"tags":[383,16,7,10,6,8],"class_list":["post-1416","post","type-post","status-publish","format-standard","has-post-thumbnail","hentry","category-bez-kategorii","tag-dbam-o-pluca","tag-edukacja","tag-lung-cancer","tag-pacjent","tag-rak-pluca","tag-to-sie-leczy"],"_links":{"self":[{"href":"https:\/\/tosieleczy.pl\/index.php\/wp-json\/wp\/v2\/posts\/1416","targetHints":{"allow":["GET"]}}],"collection":[{"href":"https:\/\/tosieleczy.pl\/index.php\/wp-json\/wp\/v2\/posts"}],"about":[{"href":"https:\/\/tosieleczy.pl\/index.php\/wp-json\/wp\/v2\/types\/post"}],"author":[{"embeddable":true,"href":"https:\/\/tosieleczy.pl\/index.php\/wp-json\/wp\/v2\/users\/1"}],"replies":[{"embeddable":true,"href":"https:\/\/tosieleczy.pl\/index.php\/wp-json\/wp\/v2\/comments?post=1416"}],"version-history":[{"count":1,"href":"https:\/\/tosieleczy.pl\/index.php\/wp-json\/wp\/v2\/posts\/1416\/revisions"}],"predecessor-version":[{"id":1420,"href":"https:\/\/tosieleczy.pl\/index.php\/wp-json\/wp\/v2\/posts\/1416\/revisions\/1420"}],"wp:featuredmedia":[{"embeddable":true,"href":"https:\/\/tosieleczy.pl\/index.php\/wp-json\/wp\/v2\/media\/1417"}],"wp:attachment":[{"href":"https:\/\/tosieleczy.pl\/index.php\/wp-json\/wp\/v2\/media?parent=1416"}],"wp:term":[{"taxonomy":"category","embeddable":true,"href":"https:\/\/tosieleczy.pl\/index.php\/wp-json\/wp\/v2\/categories?post=1416"},{"taxonomy":"post_tag","embeddable":true,"href":"https:\/\/tosieleczy.pl\/index.php\/wp-json\/wp\/v2\/tags?post=1416"}],"curies":[{"name":"wp","href":"https:\/\/api.w.org\/{rel}","templated":true}]}}