{"id":1217,"date":"2023-11-20T15:49:45","date_gmt":"2023-11-20T14:49:45","guid":{"rendered":"https:\/\/f2f.home.pl\/ToSieLeczy\/?p=1217"},"modified":"2023-11-20T16:06:22","modified_gmt":"2023-11-20T15:06:22","slug":"onkoinformatorukr-serwis-edukacyjny-dla-obywateli-ukrainy-przebywajacych-w-polsce-edycja-poswiecona-rakowi-pluca","status":"publish","type":"post","link":"https:\/\/tosieleczy.pl\/index.php\/2023\/11\/20\/onkoinformatorukr-serwis-edukacyjny-dla-obywateli-ukrainy-przebywajacych-w-polsce-edycja-poswiecona-rakowi-pluca\/","title":{"rendered":"ONKOinformatorUKR &#8211; serwis edukacyjny dla obywateli Ukrainy przebywaj\u0105cych w Polsce &#8211; edycja po\u015bwi\u0119cona rakowi p\u0142uca"},"content":{"rendered":"\n<p>Fundacja TO SI\u0118 LECZY od 2022 r. prowadzi na Facebook profil informacyjno-edukacyjny w j\u0119zyku ukrai\u0144skim po\u015bwi\u0119cony opiece onkologicznej w Polsce, maj\u0105cy na celu u\u0142atwienie poruszania si\u0119 po systemie opieki onkologicznej, zawieraj\u0105cy praktyczne wskaz\u00f3wki, kontakty i numery telefon\u00f3w.<\/p>\n\n\n\n<p>W tym roku szczeg\u00f3lny nacisk po\u0142o\u017cyli\u015bmy na edukacj\u0119 w obszarze profilaktyki, wczesnego wykrywania i leczenia raka p\u0142uca. Powsta\u0142 cykl edukacyjnych post\u00f3w na Facebook, wydali\u015bmy broszur\u0119 &#8222;Od podejrzenia do leczenia&#8221; w j\u0119zyku ukrai\u0144skim i przygotowali\u015bmy animacje edukacyjne w j\u0119zyku ukrai\u0144skim.<\/p>\n\n\n\n<p><strong>Odwied\u017a profil ONKOinformatoraUKR na Facebook: <a href=\"https:\/\/www.facebook.com\/ONKOinformatorUKR\">https:\/\/www.facebook.com\/ONKOinformatorUKR<\/a> <\/strong><\/p>\n\n\n\n<figure class=\"wp-block-embed is-type-video is-provider-youtube wp-block-embed-youtube wp-embed-aspect-16-9 wp-has-aspect-ratio\"><div class=\"wp-block-embed__wrapper\">\n<iframe loading=\"lazy\" title=\"\u0412\u0456\u0434 \u043f\u0456\u0434\u043e\u0437\u0440\u0438 \u0434\u043e \u043b\u0456\u043a\u0443\u0432\u0430\u043d\u043d\u044f - \u0428\u041b\u042f\u0425 \u041f\u0410\u0426\u0406\u0404\u041d\u0422\u0410 \u0417 \u0420\u0410\u041a\u041e\u041c \u041b\u0415\u0413\u0415\u041d\u0406\u0412\" width=\"843\" height=\"474\" src=\"https:\/\/www.youtube.com\/embed\/wI8OVJ0mpT0?feature=oembed\" frameborder=\"0\" allow=\"accelerometer; autoplay; clipboard-write; encrypted-media; gyroscope; picture-in-picture; web-share\" allowfullscreen><\/iframe>\n<\/div><\/figure>\n\n\n<div class=\"wp-block-image\">\n<figure class=\"aligncenter size-full\"><a href=\"https:\/\/f2f.home.pl\/ToSieLeczy\/wp-content\/uploads\/2023\/10\/ONLINE_RAK-PLUCA_To_Sie_Leczy_Broszura_UKR.pdf\"><img loading=\"lazy\" decoding=\"async\" width=\"449\" height=\"652\" src=\"https:\/\/f2f.home.pl\/ToSieLeczy\/wp-content\/uploads\/2023\/11\/broszura-ukrrr.jpg\" alt=\"\" class=\"wp-image-1219\" srcset=\"https:\/\/tosieleczy.pl\/wp-content\/uploads\/2023\/11\/broszura-ukrrr.jpg 449w, https:\/\/tosieleczy.pl\/wp-content\/uploads\/2023\/11\/broszura-ukrrr-207x300.jpg 207w\" sizes=\"auto, (max-width: 449px) 100vw, 449px\" \/><\/a><\/figure>\n<\/div>\n\n\n<p>Realizacja akcji by\u0142a mo\u017cliwa dzi\u0119ki grantowi finansowemu MSD Polska.<\/p>\n","protected":false},"excerpt":{"rendered":"<p>Fundacja TO SI\u0118 LECZY od 2022 r. prowadzi na Facebook profil informacyjno-edukacyjny w j\u0119zyku ukrai\u0144skim po\u015bwi\u0119cony opiece onkologicznej w Polsce, maj\u0105cy na celu u\u0142atwienie poruszania&hellip;<\/p>\n","protected":false},"author":1,"featured_media":1221,"comment_status":"closed","ping_status":"open","sticky":false,"template":"","format":"standard","meta":{"footnotes":""},"categories":[1],"tags":[16,41,317,11,10,145,6,8,127],"class_list":["post-1217","post","type-post","status-publish","format-standard","has-post-thumbnail","hentry","category-bez-kategorii","tag-edukacja","tag-leczenie","tag-onkoinformator","tag-onkologia","tag-pacjent","tag-pomoc-dla-ukrainy","tag-rak-pluca","tag-to-sie-leczy","tag-ukraina"],"_links":{"self":[{"href":"https:\/\/tosieleczy.pl\/index.php\/wp-json\/wp\/v2\/posts\/1217","targetHints":{"allow":["GET"]}}],"collection":[{"href":"https:\/\/tosieleczy.pl\/index.php\/wp-json\/wp\/v2\/posts"}],"about":[{"href":"https:\/\/tosieleczy.pl\/index.php\/wp-json\/wp\/v2\/types\/post"}],"author":[{"embeddable":true,"href":"https:\/\/tosieleczy.pl\/index.php\/wp-json\/wp\/v2\/users\/1"}],"replies":[{"embeddable":true,"href":"https:\/\/tosieleczy.pl\/index.php\/wp-json\/wp\/v2\/comments?post=1217"}],"version-history":[{"count":2,"href":"https:\/\/tosieleczy.pl\/index.php\/wp-json\/wp\/v2\/posts\/1217\/revisions"}],"predecessor-version":[{"id":1222,"href":"https:\/\/tosieleczy.pl\/index.php\/wp-json\/wp\/v2\/posts\/1217\/revisions\/1222"}],"wp:featuredmedia":[{"embeddable":true,"href":"https:\/\/tosieleczy.pl\/index.php\/wp-json\/wp\/v2\/media\/1221"}],"wp:attachment":[{"href":"https:\/\/tosieleczy.pl\/index.php\/wp-json\/wp\/v2\/media?parent=1217"}],"wp:term":[{"taxonomy":"category","embeddable":true,"href":"https:\/\/tosieleczy.pl\/index.php\/wp-json\/wp\/v2\/categories?post=1217"},{"taxonomy":"post_tag","embeddable":true,"href":"https:\/\/tosieleczy.pl\/index.php\/wp-json\/wp\/v2\/tags?post=1217"}],"curies":[{"name":"wp","href":"https:\/\/api.w.org\/{rel}","templated":true}]}}