{"id":1088,"date":"2023-04-21T12:35:44","date_gmt":"2023-04-21T10:35:44","guid":{"rendered":"https:\/\/f2f.home.pl\/ToSieLeczy\/?p=1088"},"modified":"2023-04-21T12:37:43","modified_gmt":"2023-04-21T10:37:43","slug":"rak-pluca-od-podejrzenia-do-leczenia-material-edukacyjny-dla-pacjentow-i-ich-opiekunow","status":"publish","type":"post","link":"https:\/\/tosieleczy.pl\/index.php\/2023\/04\/21\/rak-pluca-od-podejrzenia-do-leczenia-material-edukacyjny-dla-pacjentow-i-ich-opiekunow\/","title":{"rendered":"Rak p\u0142uca: Od podejrzenia do leczenia &#8211; materia\u0142 edukacyjny dla pacjent\u00f3w i ich opiekun\u00f3w"},"content":{"rendered":"\n<p><strong>Sekcja Raka P\u0142uca Fundacji TO SI\u0118 LECZY opracowa\u0142a poradnik dla pacjent\u00f3w z rakiem p\u0142uca, w kt\u00f3rym znajd\u0105 Pa\u0144stwo najwa\u017cniejsze etapy \u015bcie\u017cki pacjenta od podejrzenia, przed diagnostyk\u0119 wst\u0119pn\u0105 i pog\u0142\u0119bion\u0105 po leczenie.<\/strong><\/p>\n\n\n\n<p><strong>Zapoznaj si\u0119 z tre\u015bci\u0105 broszury &#8211; kliknij w grafik\u0119 poni\u017cej<\/strong><\/p>\n\n\n<div class=\"wp-block-image\">\n<figure class=\"aligncenter size-large\"><a href=\"https:\/\/f2f.home.pl\/ToSieLeczy\/wp-content\/uploads\/2023\/04\/Ulotka_rak-pluca_Od-podejrzenia-do-leczenia_TSL_web.pdf\"><img loading=\"lazy\" decoding=\"async\" width=\"722\" height=\"1024\" src=\"https:\/\/f2f.home.pl\/ToSieLeczy\/wp-content\/uploads\/2023\/04\/Ulotka_rak-pluca_Od-podejrzenia-do-leczenia_TSL_web-01-722x1024.png\" alt=\"\" class=\"wp-image-1089\" srcset=\"https:\/\/tosieleczy.pl\/wp-content\/uploads\/2023\/04\/Ulotka_rak-pluca_Od-podejrzenia-do-leczenia_TSL_web-01-722x1024.png 722w, https:\/\/tosieleczy.pl\/wp-content\/uploads\/2023\/04\/Ulotka_rak-pluca_Od-podejrzenia-do-leczenia_TSL_web-01-211x300.png 211w, https:\/\/tosieleczy.pl\/wp-content\/uploads\/2023\/04\/Ulotka_rak-pluca_Od-podejrzenia-do-leczenia_TSL_web-01-768x1089.png 768w, https:\/\/tosieleczy.pl\/wp-content\/uploads\/2023\/04\/Ulotka_rak-pluca_Od-podejrzenia-do-leczenia_TSL_web-01-1083x1536.png 1083w, https:\/\/tosieleczy.pl\/wp-content\/uploads\/2023\/04\/Ulotka_rak-pluca_Od-podejrzenia-do-leczenia_TSL_web-01.png 1166w\" sizes=\"auto, (max-width: 722px) 100vw, 722px\" \/><\/a><\/figure>\n<\/div>","protected":false},"excerpt":{"rendered":"<p>Sekcja Raka P\u0142uca Fundacji TO SI\u0118 LECZY opracowa\u0142a poradnik dla pacjent\u00f3w z rakiem p\u0142uca, w kt\u00f3rym znajd\u0105 Pa\u0144stwo najwa\u017cniejsze etapy \u015bcie\u017cki pacjenta od podejrzenia, przed&hellip;<\/p>\n","protected":false},"author":1,"featured_media":1090,"comment_status":"closed","ping_status":"open","sticky":false,"template":"","format":"standard","meta":{"footnotes":""},"categories":[1],"tags":[12,288,20,30,46,41,47,10,287,6,8],"class_list":["post-1088","post","type-post","status-publish","format-standard","has-post-thumbnail","hentry","category-bez-kategorii","tag-badania-molekularne","tag-badania-obrazowe","tag-diagnostyka","tag-diagnostyka-molekularna","tag-immunoterapia","tag-leczenie","tag-leczenie-celowane","tag-pacjent","tag-poradnik","tag-rak-pluca","tag-to-sie-leczy"],"_links":{"self":[{"href":"https:\/\/tosieleczy.pl\/index.php\/wp-json\/wp\/v2\/posts\/1088","targetHints":{"allow":["GET"]}}],"collection":[{"href":"https:\/\/tosieleczy.pl\/index.php\/wp-json\/wp\/v2\/posts"}],"about":[{"href":"https:\/\/tosieleczy.pl\/index.php\/wp-json\/wp\/v2\/types\/post"}],"author":[{"embeddable":true,"href":"https:\/\/tosieleczy.pl\/index.php\/wp-json\/wp\/v2\/users\/1"}],"replies":[{"embeddable":true,"href":"https:\/\/tosieleczy.pl\/index.php\/wp-json\/wp\/v2\/comments?post=1088"}],"version-history":[{"count":3,"href":"https:\/\/tosieleczy.pl\/index.php\/wp-json\/wp\/v2\/posts\/1088\/revisions"}],"predecessor-version":[{"id":1094,"href":"https:\/\/tosieleczy.pl\/index.php\/wp-json\/wp\/v2\/posts\/1088\/revisions\/1094"}],"wp:featuredmedia":[{"embeddable":true,"href":"https:\/\/tosieleczy.pl\/index.php\/wp-json\/wp\/v2\/media\/1090"}],"wp:attachment":[{"href":"https:\/\/tosieleczy.pl\/index.php\/wp-json\/wp\/v2\/media?parent=1088"}],"wp:term":[{"taxonomy":"category","embeddable":true,"href":"https:\/\/tosieleczy.pl\/index.php\/wp-json\/wp\/v2\/categories?post=1088"},{"taxonomy":"post_tag","embeddable":true,"href":"https:\/\/tosieleczy.pl\/index.php\/wp-json\/wp\/v2\/tags?post=1088"}],"curies":[{"name":"wp","href":"https:\/\/api.w.org\/{rel}","templated":true}]}}