{"id":1054,"date":"2023-03-02T11:10:56","date_gmt":"2023-03-02T10:10:56","guid":{"rendered":"https:\/\/f2f.home.pl\/ToSieLeczy\/?p=1054"},"modified":"2023-03-02T11:10:57","modified_gmt":"2023-03-02T10:10:57","slug":"radioterapia-srodoperacyjna-metoda-stosowana-od-lat-nadal-malo-znana-w-polsce","status":"publish","type":"post","link":"https:\/\/tosieleczy.pl\/index.php\/2023\/03\/02\/radioterapia-srodoperacyjna-metoda-stosowana-od-lat-nadal-malo-znana-w-polsce\/","title":{"rendered":"<strong>Radioterapia \u015br\u00f3doperacyjna \u2013<br>metoda stosowana od lat, nadal ma\u0142o znana w Polsce<\/strong>"},"content":{"rendered":"\n<p><strong>Radioterapia \u015br\u00f3doperacyjna (IORT) jest<em> <\/em>z powodzeniem<em> <strong>stosowana na ca\u0142ym \u015bwiecie od ponad trzech dekad, a skuteczno\u015b\u0107 jej dzia\u0142ania potwierdzaj\u0105 liczne, wieloletnie badania kliniczne oraz praktyka kliniczna. W Polsce nadal wiedza na jej temat, jak i zastosowanie w praktyce, jest niewielkie. Dlatego Fundacja TO SI\u0118 LECZY rozpocz\u0119\u0142a dzia\u0142ania edukacyjne skierowane do pacjent\u00f3w i lekarzy maj\u0105ce na celu przekazanie rzetelnych informacji o IORT b\u0119d\u0105cej metod\u0105 onkologicznego leczenia skojarzonego stosowanego najcz\u0119\u015bciej w walce z rakiem piersi.<\/strong><\/em><\/strong><\/p>\n\n\n\n<p>Pod koniec 2022 roku Fundacja TO SI\u0118 LECZY wyda\u0142a raport pt. <a href=\"https:\/\/f2f.home.pl\/ToSieLeczy\/index.php\/2022\/12\/16\/premiera-raportu-radioterapia-srodoperacyjna-perspektywa-kliniczna-pacjencka-i-systemowa-przeczytaj\/\">\u201e<strong>Radioterapia \u015br\u00f3doperacyjna &#8211; perspektywa kliniczna, pacjencka i systemowa\u201d,<\/strong><\/a> kt\u00f3ry powsta\u0142 we wsp\u00f3\u0142pracy z ekspertami z Polski i \u015bwiata. W\u015br\u00f3d kluczowych rekomendacji znalaz\u0142a si\u0119 potrzeba rzetelnej edukacji zar\u00f3wno lekarzy jak i pacjent\u00f3w nt. aktualnych mo\u017cliwo\u015bci i wskaza\u0144 do leczenia radioterapi\u0105 \u015br\u00f3doperacyjn\u0105 oraz realnej poprawy dost\u0119pu do tej metody radioterapii, szczeg\u00f3lnie w kompleksowych o\u015brodkach leczenia onkologicznego, np. w ramach Breast Cancer Unit. &#8211; Wszystko zaczyna si\u0119 od \u015bwiadomo\u015bci, wyedukowany pacjent, wyedukowany lekarz, to klucz do uzyskania dobrych efekt\u00f3w leczenia onkologicznego. \u2013 m\u00f3wi\u0142 <strong>Marek Kustosz, <\/strong>prezes Fundacji.<strong><\/strong><\/p>\n\n\n\n<figure class=\"wp-block-image size-large\"><img loading=\"lazy\" decoding=\"async\" width=\"1024\" height=\"724\" src=\"https:\/\/f2f.home.pl\/ToSieLeczy\/wp-content\/uploads\/2023\/02\/ULOTKA-radioterapia-srodoperacyjna-1-1024x724.jpg\" alt=\"\" class=\"wp-image-1035\" srcset=\"https:\/\/tosieleczy.pl\/wp-content\/uploads\/2023\/02\/ULOTKA-radioterapia-srodoperacyjna-1-1024x724.jpg 1024w, https:\/\/tosieleczy.pl\/wp-content\/uploads\/2023\/02\/ULOTKA-radioterapia-srodoperacyjna-1-300x212.jpg 300w, https:\/\/tosieleczy.pl\/wp-content\/uploads\/2023\/02\/ULOTKA-radioterapia-srodoperacyjna-1-768x543.jpg 768w, https:\/\/tosieleczy.pl\/wp-content\/uploads\/2023\/02\/ULOTKA-radioterapia-srodoperacyjna-1-1536x1086.jpg 1536w, https:\/\/tosieleczy.pl\/wp-content\/uploads\/2023\/02\/ULOTKA-radioterapia-srodoperacyjna-1-2048x1448.jpg 2048w\" sizes=\"auto, (max-width: 1024px) 100vw, 1024px\" \/><\/figure>\n\n\n\n<p><strong>Brakuje wiedzy, \u017ce taka metoda jest dost\u0119pna<\/strong><strong><\/strong><\/p>\n\n\n\n<p>Jak podaje Krajowy Konsultant ds. Radioterapii, w 2021 r. w 9 plac\u00f3wkach znajdowa\u0142o si\u0119 10 aparat\u00f3w do radioterapii \u015br\u00f3doperacyjnej, z czego tylko 4 by\u0142y u\u017cywane. \u0141\u0105cznie ta metod\u0105 leczono 424 pacjent\u00f3w<a href=\"#_ftn1\" id=\"_ftnref1\">[1]<\/a>. Patrz\u0105c na skal\u0119 nowych zachorowa\u0144 na raka piersi, odbytnicy czy mi\u0119sak\u00f3w, gdzie ta metoda jest stosowana najcz\u0119\u015bciej, jest to niewielki odsetek os\u00f3b, kt\u00f3re mog\u0142oby by\u0107 zakwalifikowane do terapii skojarzonej (zabieg chirurgiczny wraz z radioterapi\u0105 \u015br\u00f3doperacyjn\u0105).<\/p>\n\n\n\n<p>Wi\u0119kszo\u015b\u0107 pacjent\u00f3w onkologicznych w Polsce nigdy nie s\u0142ysza\u0142o o radioterapii \u015br\u00f3doperacyjnej &#8211; <em>Niestety pacjentki z rakiem piersi nie maj\u0105 \u015bwiadomo\u015bci, \u017ce takie metody istniej\u0105, ja od 15 lat dzia\u0142am w stowarzyszeniu Amazonek i \u017cadna z pacjentek z rakiem piersi leczona w Warszawie nie mia\u0142a zastosowanej tej metody. Dopiero teraz dowiadujemy si\u0119, \u017ce taka mo\u017cliwo\u015b\u0107 leczenia istnieje i na pewno b\u0119dziemy edukowa\u0107 naszych podopiecznych. <\/em>\u2013 m\u00f3wi\u0142a <strong>Ma\u0142gorzata Rosa<\/strong> ze Stowarzyszenie Amazonki Warszawa-Centrum.<\/p>\n\n\n\n<p><em>&#8211; Pragniemy, aby Polscy pacjenci mieli szans\u0119 wykorzysta\u0107 aktualne zdobycze medycyny, kt\u00f3re przek\u0142adaj\u0105 si\u0119 na lepsze efekty leczenia i mniejsz\u0105 ilo\u015b\u0107 skutk\u00f3w ubocznych. \u015awiadomy pacjent i jego rodzina, to wi\u0119ksze poczucie bezpiecze\u0144stwa, lepsza wsp\u00f3\u0142praca z lekarzami, wy\u017cszy wska\u017anik przestrzegania zalece\u0144 terapeutycznych, co przek\u0142ada si\u0119 na popraw\u0119 rokowa\u0144 i jako\u015b\u0107 \u017cycia chorych.<\/em>\u2013 podkre\u015bla\u0142a <strong>Aleksandra Wilk<\/strong>, dyrektor Sekcji Raka P\u0142uca Fundacji TO SI\u0118 LECZY. &#8211; <em>Dlatego uruchomili\u015bmy cykl edukacyjny po\u015bwi\u0119cony radioterapii \u015br\u00f3doperacyjnej w ramach, kt\u00f3rego powsta\u0142a broszura, spot edukacyjny oraz webinary z ekspertami. <\/em>\u2013 doda\u0142a.<\/p>\n\n\n\n<p>Webinar na \u017cywo transmitowany na profilu <a href=\"https:\/\/www.facebook.com\/RakToSieLeczy\/\">Facebook RAK. TO SI\u0118 LECZY<\/a> cieszy\u0142 si\u0119 du\u017cym zainteresowaniem, pacjenci mieli mo\u017cliwo\u015b\u0107 nie tylko wys\u0142uchania wyk\u0142adu onkologa, radioterapeuty, dr Bartosza Urba\u0144skiego, ale co wa\u017cne zadawania pyta\u0144 i uzyskania konkretnych odpowiedzi oraz wskaz\u00f3wek. Wi\u0119kszo\u015b\u0107 z nich nigdy wcze\u015bniej nie s\u0142ysza\u0142a o IORT oraz nie mia\u0142a zaproponowanej takiej opcji leczenia. Obecnie radioterapi\u0119 \u015br\u00f3doperacyjn\u0105 wykonuje si\u0119 przede wszystkim w Narodowym Instytucie Onkologii w Gliwicach oraz Wielkopolskim Centrum Onkologii, co jest kropl\u0105 w morzu potrzeb. Niedawno rozpocz\u0119to tak\u017ce stosowanie radioterapii \u015br\u00f3doperacyjnej w Klinice Chirurgii Onkologicznej SPSK 1 w&nbsp;<em>Lublinie.<\/em>&nbsp;<em><\/em><\/p>\n\n\n\n<p><strong>Czym jest radioterapia \u015br\u00f3doperacyjna<\/strong><\/p>\n\n\n\n<p>Radioterapia \u015br\u00f3doperacyjnej polega na podaniu pojedynczej, precyzyjnie okre\u015blonej dawki promieniowania opracowanej na potrzeby konkretnego pacjenta w trakcie zabiegu operacyjnego. Dzi\u0119ki takiemu post\u0119powaniu zapewnia si\u0119 koncentracj\u0119 wi\u0105zki w strefie ryzyka nawrotu, z jednoczesn\u0105 ochron\u0105 zdrowych tkanek i minimalizacj\u0105 toksyczno\u015bci leczenia oraz skutk\u00f3w ubocznych dla ca\u0142ego organizmu. Co istotne, dzi\u0119ki temu, \u017ce wi\u0105zka trafia bezpo\u015brednio do lo\u017cy po usuni\u0119ciu guza, ryzyko pomini\u0119cia okolicy najbardziej zagro\u017conej nawrotem (tzw. b\u0142\u0105d geograficzny) jest minimalne.Uzyskanie takiej precyzji jest trudne w p\u00f3\u017aniejszym czasie, dlatego radioterapia \u015br\u00f3doperacyjna cieszy si\u0119 coraz wi\u0119ksz\u0105 popularno\u015bci\u0105 i znajduje zastosowania w codziennej praktyce klinicznej na ca\u0142ym \u015bwiecie.<\/p>\n\n\n\n<figure class=\"wp-block-image size-large\"><img loading=\"lazy\" decoding=\"async\" width=\"1024\" height=\"724\" src=\"https:\/\/f2f.home.pl\/ToSieLeczy\/wp-content\/uploads\/2023\/02\/ULOTKA-radioterapia-srodoperacyjna-5-1024x724.jpg\" alt=\"\" class=\"wp-image-1036\" srcset=\"https:\/\/tosieleczy.pl\/wp-content\/uploads\/2023\/02\/ULOTKA-radioterapia-srodoperacyjna-5-1024x724.jpg 1024w, https:\/\/tosieleczy.pl\/wp-content\/uploads\/2023\/02\/ULOTKA-radioterapia-srodoperacyjna-5-300x212.jpg 300w, https:\/\/tosieleczy.pl\/wp-content\/uploads\/2023\/02\/ULOTKA-radioterapia-srodoperacyjna-5-768x543.jpg 768w, https:\/\/tosieleczy.pl\/wp-content\/uploads\/2023\/02\/ULOTKA-radioterapia-srodoperacyjna-5-1536x1086.jpg 1536w, https:\/\/tosieleczy.pl\/wp-content\/uploads\/2023\/02\/ULOTKA-radioterapia-srodoperacyjna-5-2048x1448.jpg 2048w\" sizes=\"auto, (max-width: 1024px) 100vw, 1024px\" \/><\/figure>\n\n\n\n<p>&#8211; <em>Przewag\u0105 zastosowania IORT jest to, \u017ce mo\u017cemy napromienia\u0107 w trakcie zabiegu operacyjnego, kiedy mamy usuni\u0119ty guz nowotworowy, a tkanka lo\u017cy po guzie jest mocno utleniona, co sprawia, \u017ce radioterapia \u015br\u00f3doperacyjna jest bardziej skuteczna, ni\u017c od\u0142o\u017cona w czasie radioterapia z p\u00f3l zewn\u0119trznych. Ponadto podczas operacji towarzyszymy chirurgowi, widzimy dok\u0142adnie, gdzie znajduje si\u0119 guz i wiemy jak precyzyjnie ustawi\u0107 kolimator aparatu do radioterapii. Precyzja lokalizacji napromienia pooperacyjnego jest mniejsza. Warto zaznaczy\u0107, \u017ce czas samego napromienia w radioterapii \u015br\u00f3doperacyjnej wynosi ok. 1 minuty przy zastosowaniu wi\u0105zki elektronowej. <\/em>&#8211; zaznacza\u0142 <strong>dr Bartosz Urba\u0144ski<\/strong>, cz\u0142onek zarz\u0105du, Mi\u0119dzynarodowego Towarzystwa Radioterapii \u015ar\u00f3doperacyjnej (ISIORT), Oddzia\u0142 Radioterapii i Onkologii Ginekologicznej, Wielkopolskie Centrum Onkologii.<\/p>\n\n\n\n<p>Dzi\u0119ki zastosowaniu radioterapii \u015br\u00f3doperacyjnej skraca si\u0119 zatem ca\u0142kowity czas leczenia radioterapi\u0105.&nbsp; &#8211; <em>Radioterapi\u0119 ko\u0144czymy na zabiegu w trakcie operacji, co skutkuje tym, \u017ce pacjent nie musi przez kolejne 3-5 tygodniu przyje\u017cd\u017ca\u0107 na kolejne seanse radioterapii lub skracamy radioterapi\u0119 z p\u00f3l zewn\u0119trznych o tydzie\u0144, kiedy to trzeba by standardowo zastosowa\u0107 radioterapi\u0119 wzmocnion\u0105 dawk\u0105. Pacjenci szybciej ko\u0144cz\u0105 terapi\u0119 i dochodz\u0105 do siebie, a zaoszcz\u0119dzony czas to tak\u017ce mo\u017cliwo\u015b\u0107 przyj\u0119cia wi\u0119kszej liczby potrzebuj\u0105cych pacjent\u00f3w, w tym samym okresie<\/em>. \u2013 doda\u0142 dr Urba\u0144ski.<\/p>\n\n\n\n<p><strong>Webinar edukacyjny po\u015bwi\u0119cony radioterapii \u015br\u00f3doperacyjnej znajd\u0105 Pa\u0144stwo tak\u017ce na naszym kanale na Youtube<\/strong><\/p>\n\n\n\n<figure class=\"wp-block-embed is-type-video is-provider-youtube wp-block-embed-youtube wp-embed-aspect-16-9 wp-has-aspect-ratio\"><div class=\"wp-block-embed__wrapper\">\n<iframe loading=\"lazy\" title=\"Radioterapia w leczeniu onkologicznym - wszystko co pacjent wiedzie\u0107 powinien\" width=\"843\" height=\"474\" src=\"https:\/\/www.youtube.com\/embed\/K0cId9x9iV4?feature=oembed\" frameborder=\"0\" allow=\"accelerometer; autoplay; clipboard-write; encrypted-media; gyroscope; picture-in-picture; web-share\" allowfullscreen><\/iframe>\n<\/div><\/figure>\n\n\n\n<p><strong>Podsumowanie wniosk\u00f3w z konferencji \u201eRadioterapia \u015br\u00f3doperacyjna \u2013 czy \u015bwiatowy standard leczenia nowotwor\u00f3w b\u0119dzie dost\u0119pny w Polsce?\u201d<\/strong><\/p>\n\n\n\n<figure class=\"wp-block-embed is-type-video is-provider-youtube wp-block-embed-youtube wp-embed-aspect-16-9 wp-has-aspect-ratio\"><div class=\"wp-block-embed__wrapper\">\n<iframe loading=\"lazy\" title=\"Radioterapia \u015br\u00f3doperacyjna - czy innowacyjne leczenie b\u0119dzie w pe\u0142ni dost\u0119pne w Polsce?\" width=\"843\" height=\"474\" src=\"https:\/\/www.youtube.com\/embed\/5ZJK-6kaj8w?feature=oembed\" frameborder=\"0\" allow=\"accelerometer; autoplay; clipboard-write; encrypted-media; gyroscope; picture-in-picture; web-share\" allowfullscreen><\/iframe>\n<\/div><\/figure>\n\n\n\n<hr class=\"wp-block-separator has-alpha-channel-opacity\"\/>\n\n\n\n<p><a href=\"#_ftnref1\" id=\"_ftn1\">[1]<\/a> <a href=\"https:\/\/kkro.io.gliwice.pl\/wp-content\/uploads\/2022\/05\/Raport-na-temat-stanu-radioterapii-w-Polsce-na-dzie%C5%84-31.12.2021.pdf\">https:\/\/kkro.io.gliwice.pl\/wp-content\/uploads\/2022\/05\/Raport-na-temat-stanu-radioterapii-w-Polsce-na-dzie%C5%84-31.12.2021.pdf<\/a><\/p>\n","protected":false},"excerpt":{"rendered":"<p>Radioterapia \u015br\u00f3doperacyjna (IORT) jest z powodzeniem stosowana na ca\u0142ym \u015bwiecie od ponad trzech dekad, a skuteczno\u015b\u0107 jej dzia\u0142ania potwierdzaj\u0105 liczne, wieloletnie badania kliniczne oraz praktyka&hellip;<\/p>\n","protected":false},"author":1,"featured_media":1055,"comment_status":"closed","ping_status":"open","sticky":false,"template":"","format":"standard","meta":{"footnotes":""},"categories":[1],"tags":[21,240,41,11,10,42,232,8,9],"class_list":["post-1054","post","type-post","status-publish","format-standard","has-post-thumbnail","hentry","category-bez-kategorii","tag-aleksandra-wilk","tag-bartosz-urbanski","tag-leczenie","tag-onkologia","tag-pacjent","tag-radioterapia","tag-radioterapia-srodoperacyjna","tag-to-sie-leczy","tag-webinar"],"_links":{"self":[{"href":"https:\/\/tosieleczy.pl\/index.php\/wp-json\/wp\/v2\/posts\/1054","targetHints":{"allow":["GET"]}}],"collection":[{"href":"https:\/\/tosieleczy.pl\/index.php\/wp-json\/wp\/v2\/posts"}],"about":[{"href":"https:\/\/tosieleczy.pl\/index.php\/wp-json\/wp\/v2\/types\/post"}],"author":[{"embeddable":true,"href":"https:\/\/tosieleczy.pl\/index.php\/wp-json\/wp\/v2\/users\/1"}],"replies":[{"embeddable":true,"href":"https:\/\/tosieleczy.pl\/index.php\/wp-json\/wp\/v2\/comments?post=1054"}],"version-history":[{"count":1,"href":"https:\/\/tosieleczy.pl\/index.php\/wp-json\/wp\/v2\/posts\/1054\/revisions"}],"predecessor-version":[{"id":1056,"href":"https:\/\/tosieleczy.pl\/index.php\/wp-json\/wp\/v2\/posts\/1054\/revisions\/1056"}],"wp:featuredmedia":[{"embeddable":true,"href":"https:\/\/tosieleczy.pl\/index.php\/wp-json\/wp\/v2\/media\/1055"}],"wp:attachment":[{"href":"https:\/\/tosieleczy.pl\/index.php\/wp-json\/wp\/v2\/media?parent=1054"}],"wp:term":[{"taxonomy":"category","embeddable":true,"href":"https:\/\/tosieleczy.pl\/index.php\/wp-json\/wp\/v2\/categories?post=1054"},{"taxonomy":"post_tag","embeddable":true,"href":"https:\/\/tosieleczy.pl\/index.php\/wp-json\/wp\/v2\/tags?post=1054"}],"curies":[{"name":"wp","href":"https:\/\/api.w.org\/{rel}","templated":true}]}}